{"id":278,"date":"2020-03-09T17:09:21","date_gmt":"2020-03-09T16:09:21","guid":{"rendered":"http:\/\/travaux.korigan.fr\/_fdc\/?p=278"},"modified":"2020-03-13T13:07:55","modified_gmt":"2020-03-13T12:07:55","slug":"en-coulisse-superalp-zoom-sur-une-cooperative-engagee-et-motivee","status":"publish","type":"post","link":"https:\/\/www.francois-doucet-confiseur.com\/en\/facettes\/en-coulisse-superalp-zoom-sur-une-cooperative-engagee-et-motivee\/","title":{"rendered":"En coulisse : Superalp, zoom sur une coop\u00e9rative engag\u00e9e et motiv\u00e9e"},"content":{"rendered":"<div data-elementor-type=\"wp-post\" data-elementor-id=\"278\" class=\"elementor elementor-278\">\n\t\t\t\t\t\t<section class=\"elementor-section elementor-top-section elementor-element elementor-element-441ca6c4 elementor-section-height-min-height elementor-section-boxed elementor-section-height-default elementor-section-items-middle\" data-id=\"441ca6c4\" data-element_type=\"section\" data-settings=\"{&quot;jet_parallax_layout_list&quot;:[{&quot;jet_parallax_layout_image&quot;:{&quot;url&quot;:&quot;&quot;,&quot;id&quot;:&quot;&quot;,&quot;size&quot;:&quot;&quot;},&quot;_id&quot;:&quot;404686d&quot;,&quot;jet_parallax_layout_image_tablet&quot;:{&quot;url&quot;:&quot;&quot;,&quot;id&quot;:&quot;&quot;,&quot;size&quot;:&quot;&quot;},&quot;jet_parallax_layout_image_mobile&quot;:{&quot;url&quot;:&quot;&quot;,&quot;id&quot;:&quot;&quot;,&quot;size&quot;:&quot;&quot;},&quot;jet_parallax_layout_speed&quot;:{&quot;unit&quot;:&quot;%&quot;,&quot;size&quot;:50,&quot;sizes&quot;:[]},&quot;jet_parallax_layout_type&quot;:&quot;scroll&quot;,&quot;jet_parallax_layout_direction&quot;:null,&quot;jet_parallax_layout_fx_direction&quot;:null,&quot;jet_parallax_layout_z_index&quot;:&quot;&quot;,&quot;jet_parallax_layout_bg_x&quot;:50,&quot;jet_parallax_layout_bg_y&quot;:50,&quot;jet_parallax_layout_bg_size&quot;:&quot;auto&quot;,&quot;jet_parallax_layout_animation_prop&quot;:&quot;transform&quot;,&quot;jet_parallax_layout_on&quot;:[&quot;desktop&quot;,&quot;tablet&quot;],&quot;jet_parallax_layout_bg_x_tablet&quot;:&quot;&quot;,&quot;jet_parallax_layout_bg_x_mobile&quot;:&quot;&quot;,&quot;jet_parallax_layout_bg_y_tablet&quot;:&quot;&quot;,&quot;jet_parallax_layout_bg_y_mobile&quot;:&quot;&quot;,&quot;jet_parallax_layout_bg_size_tablet&quot;:&quot;&quot;,&quot;jet_parallax_layout_bg_size_mobile&quot;:&quot;&quot;}],&quot;background_background&quot;:&quot;classic&quot;}\">\n\t\t\t\t\t\t<div class=\"elementor-container elementor-column-gap-default\">\n\t\t\t\t\t<div class=\"elementor-column elementor-col-100 elementor-top-column elementor-element elementor-element-6506ca5\" data-id=\"6506ca5\" data-element_type=\"column\">\n\t\t\t<div class=\"elementor-widget-wrap\">\n\t\t\t\t\t\t\t<\/div>\n\t\t<\/div>\n\t\t\t\t\t<\/div>\n\t\t<\/section>\n\t\t\t\t<section class=\"elementor-section elementor-top-section elementor-element elementor-element-6961f866 elementor-section-boxed elementor-section-height-default elementor-section-height-default\" data-id=\"6961f866\" data-element_type=\"section\" data-settings=\"{&quot;jet_parallax_layout_list&quot;:[{&quot;jet_parallax_layout_image&quot;:{&quot;url&quot;:&quot;&quot;,&quot;id&quot;:&quot;&quot;,&quot;size&quot;:&quot;&quot;},&quot;_id&quot;:&quot;cb3eb06&quot;,&quot;jet_parallax_layout_image_tablet&quot;:{&quot;url&quot;:&quot;&quot;,&quot;id&quot;:&quot;&quot;,&quot;size&quot;:&quot;&quot;},&quot;jet_parallax_layout_image_mobile&quot;:{&quot;url&quot;:&quot;&quot;,&quot;id&quot;:&quot;&quot;,&quot;size&quot;:&quot;&quot;},&quot;jet_parallax_layout_speed&quot;:{&quot;unit&quot;:&quot;%&quot;,&quot;size&quot;:50,&quot;sizes&quot;:[]},&quot;jet_parallax_layout_type&quot;:&quot;scroll&quot;,&quot;jet_parallax_layout_direction&quot;:null,&quot;jet_parallax_layout_fx_direction&quot;:null,&quot;jet_parallax_layout_z_index&quot;:&quot;&quot;,&quot;jet_parallax_layout_bg_x&quot;:50,&quot;jet_parallax_layout_bg_y&quot;:50,&quot;jet_parallax_layout_bg_size&quot;:&quot;auto&quot;,&quot;jet_parallax_layout_animation_prop&quot;:&quot;transform&quot;,&quot;jet_parallax_layout_on&quot;:[&quot;desktop&quot;,&quot;tablet&quot;],&quot;jet_parallax_layout_bg_x_tablet&quot;:&quot;&quot;,&quot;jet_parallax_layout_bg_x_mobile&quot;:&quot;&quot;,&quot;jet_parallax_layout_bg_y_tablet&quot;:&quot;&quot;,&quot;jet_parallax_layout_bg_y_mobile&quot;:&quot;&quot;,&quot;jet_parallax_layout_bg_size_tablet&quot;:&quot;&quot;,&quot;jet_parallax_layout_bg_size_mobile&quot;:&quot;&quot;}],&quot;background_background&quot;:&quot;classic&quot;}\">\n\t\t\t\t\t\t<div class=\"elementor-container elementor-column-gap-default\">\n\t\t\t\t\t<div class=\"elementor-column elementor-col-100 elementor-top-column elementor-element elementor-element-73a07494\" data-id=\"73a07494\" data-element_type=\"column\" data-settings=\"{&quot;background_background&quot;:&quot;classic&quot;}\">\n\t\t\t<div class=\"elementor-widget-wrap elementor-element-populated\">\n\t\t\t\t\t\t<div class=\"elementor-element elementor-element-6f6bae83 sous-titre elementor-widget elementor-widget-text-editor\" data-id=\"6f6bae83\" data-element_type=\"widget\" data-widget_type=\"text-editor.default\">\n\t\t\t\t<div class=\"elementor-widget-container\">\n\t\t\t\t\t\t\t<p>Facette n\u00b04<\/p>\t\t\t\t\t\t<\/div>\n\t\t\t\t<\/div>\n\t\t\t\t<div class=\"elementor-element elementor-element-5c11d039 elementor-widget elementor-widget-theme-post-title elementor-page-title elementor-widget-heading\" data-id=\"5c11d039\" data-element_type=\"widget\" data-widget_type=\"theme-post-title.default\">\n\t\t\t\t<div class=\"elementor-widget-container\">\n\t\t\t<h1 class=\"elementor-heading-title elementor-size-default\">En coulisse : Superalp, zoom sur une coop\u00e9rative engag\u00e9e et motiv\u00e9e<\/h1>\t\t<\/div>\n\t\t\t\t<\/div>\n\t\t\t\t<div class=\"elementor-element elementor-element-a2f7b2c elementor-widget elementor-widget-image\" data-id=\"a2f7b2c\" data-element_type=\"widget\" data-widget_type=\"image.default\">\n\t\t\t\t<div class=\"elementor-widget-container\">\n\t\t\t\t\t\t\t\t\t\t\t\t\t<img fetchpriority=\"high\" decoding=\"async\" width=\"600\" height=\"128\" src=\"https:\/\/www.francois-doucet-confiseur.com\/wp-content\/uploads\/2020\/03\/Logo-Superalp.png\" class=\"attachment-large size-large wp-image-1270\" alt=\"\" srcset=\"https:\/\/www.francois-doucet-confiseur.com\/wp-content\/uploads\/2020\/03\/Logo-Superalp.png 600w, https:\/\/www.francois-doucet-confiseur.com\/wp-content\/uploads\/2020\/03\/Logo-Superalp-300x64.png 300w\" sizes=\"(max-width: 600px) 100vw, 600px\" \/>\t\t\t\t\t\t\t\t\t\t\t\t\t<\/div>\n\t\t\t\t<\/div>\n\t\t\t\t<div class=\"elementor-element elementor-element-324d509d elementor-widget elementor-widget-text-editor\" data-id=\"324d509d\" data-element_type=\"widget\" data-widget_type=\"text-editor.default\">\n\t\t\t\t<div class=\"elementor-widget-container\">\n\t\t\t\t\t\t\t<p>Situ\u00e9e \u00e0 Sisteron dans la vall\u00e9e de la Durance, \u00e0 proximit\u00e9 du barrage de Serre-Pon\u00e7on et de la Vall\u00e9e du Bu\u00ebch, <a href=\"http:\/\/www.superalp.fr\">Superalp <\/a>est une coop\u00e9rative qui rassemble une trentaine de pomiculteurs engag\u00e9s cultivant des pommes et des poires \u00e0 l\u2019excellence reconnue. La coop\u00e9rative valorise la qualit\u00e9 et la richesse des produits issus de son terroir en mettant en avant le travail des producteurs adh\u00e9rents.<\/p><p>Visite des vergers et des producteurs, de la station fruiti\u00e8re avec <b>Christophe Combaluzier<\/b>, Directeur G\u00e9n\u00e9ral du groupe Superalp qui regroupe la SA GP05 (organisation de Producteurs, bureau commercial) Superalp\u2019Pr\u00e9ca (unit\u00e9 de pr\u00e9-calibrage) et Superalp\u2019Condi (station de conditionnement).<\/p>\t\t\t\t\t\t<\/div>\n\t\t\t\t<\/div>\n\t\t\t\t<div class=\"elementor-element elementor-element-b17f14f elementor-widget-divider--view-line elementor-widget elementor-widget-divider\" data-id=\"b17f14f\" data-element_type=\"widget\" data-widget_type=\"divider.default\">\n\t\t\t\t<div class=\"elementor-widget-container\">\n\t\t\t\t\t<div class=\"elementor-divider\">\n\t\t\t<span class=\"elementor-divider-separator\">\n\t\t\t\t\t\t<\/span>\n\t\t<\/div>\n\t\t\t\t<\/div>\n\t\t\t\t<\/div>\n\t\t\t\t\t<\/div>\n\t\t<\/div>\n\t\t\t\t\t<\/div>\n\t\t<\/section>\n\t\t\t\t<section class=\"elementor-section elementor-top-section elementor-element elementor-element-42594b1 elementor-section-boxed elementor-section-height-default elementor-section-height-default\" data-id=\"42594b1\" data-element_type=\"section\" data-settings=\"{&quot;jet_parallax_layout_list&quot;:[{&quot;jet_parallax_layout_image&quot;:{&quot;url&quot;:&quot;&quot;,&quot;id&quot;:&quot;&quot;,&quot;size&quot;:&quot;&quot;},&quot;_id&quot;:&quot;bf6a8b0&quot;,&quot;jet_parallax_layout_image_tablet&quot;:{&quot;url&quot;:&quot;&quot;,&quot;id&quot;:&quot;&quot;,&quot;size&quot;:&quot;&quot;},&quot;jet_parallax_layout_image_mobile&quot;:{&quot;url&quot;:&quot;&quot;,&quot;id&quot;:&quot;&quot;,&quot;size&quot;:&quot;&quot;},&quot;jet_parallax_layout_speed&quot;:{&quot;unit&quot;:&quot;%&quot;,&quot;size&quot;:50,&quot;sizes&quot;:[]},&quot;jet_parallax_layout_type&quot;:&quot;scroll&quot;,&quot;jet_parallax_layout_direction&quot;:null,&quot;jet_parallax_layout_fx_direction&quot;:null,&quot;jet_parallax_layout_z_index&quot;:&quot;&quot;,&quot;jet_parallax_layout_bg_x&quot;:50,&quot;jet_parallax_layout_bg_y&quot;:50,&quot;jet_parallax_layout_bg_size&quot;:&quot;auto&quot;,&quot;jet_parallax_layout_animation_prop&quot;:&quot;transform&quot;,&quot;jet_parallax_layout_on&quot;:[&quot;desktop&quot;,&quot;tablet&quot;],&quot;jet_parallax_layout_bg_x_tablet&quot;:&quot;&quot;,&quot;jet_parallax_layout_bg_x_mobile&quot;:&quot;&quot;,&quot;jet_parallax_layout_bg_y_tablet&quot;:&quot;&quot;,&quot;jet_parallax_layout_bg_y_mobile&quot;:&quot;&quot;,&quot;jet_parallax_layout_bg_size_tablet&quot;:&quot;&quot;,&quot;jet_parallax_layout_bg_size_mobile&quot;:&quot;&quot;}]}\">\n\t\t\t\t\t\t<div class=\"elementor-container elementor-column-gap-default\">\n\t\t\t\t\t<div class=\"elementor-column elementor-col-33 elementor-top-column elementor-element elementor-element-0ecf05e\" data-id=\"0ecf05e\" data-element_type=\"column\" data-settings=\"{&quot;background_background&quot;:&quot;classic&quot;}\">\n\t\t\t<div class=\"elementor-widget-wrap elementor-element-populated\">\n\t\t\t\t\t\t<div class=\"elementor-element elementor-element-f4421e9 elementor-widget elementor-widget-spacer\" data-id=\"f4421e9\" data-element_type=\"widget\" data-widget_type=\"spacer.default\">\n\t\t\t\t<div class=\"elementor-widget-container\">\n\t\t\t\t\t<div class=\"elementor-spacer\">\n\t\t\t<div class=\"elementor-spacer-inner\"><\/div>\n\t\t<\/div>\n\t\t\t\t<\/div>\n\t\t\t\t<\/div>\n\t\t\t\t\t<\/div>\n\t\t<\/div>\n\t\t\t\t<div class=\"elementor-column elementor-col-33 elementor-top-column elementor-element elementor-element-a53f0a0\" data-id=\"a53f0a0\" data-element_type=\"column\" data-settings=\"{&quot;background_background&quot;:&quot;classic&quot;}\">\n\t\t\t<div class=\"elementor-widget-wrap\">\n\t\t\t\t\t\t\t<\/div>\n\t\t<\/div>\n\t\t\t\t<div class=\"elementor-column elementor-col-33 elementor-top-column elementor-element elementor-element-d4c51eb\" data-id=\"d4c51eb\" data-element_type=\"column\">\n\t\t\t<div class=\"elementor-widget-wrap elementor-element-populated\">\n\t\t\t\t\t\t<section class=\"elementor-section elementor-inner-section elementor-element elementor-element-a1a5aa3 elementor-section-boxed elementor-section-height-default elementor-section-height-default\" data-id=\"a1a5aa3\" data-element_type=\"section\" data-settings=\"{&quot;jet_parallax_layout_list&quot;:[{&quot;jet_parallax_layout_image&quot;:{&quot;url&quot;:&quot;&quot;,&quot;id&quot;:&quot;&quot;,&quot;size&quot;:&quot;&quot;},&quot;_id&quot;:&quot;a35c7ad&quot;,&quot;jet_parallax_layout_image_tablet&quot;:{&quot;url&quot;:&quot;&quot;,&quot;id&quot;:&quot;&quot;,&quot;size&quot;:&quot;&quot;},&quot;jet_parallax_layout_image_mobile&quot;:{&quot;url&quot;:&quot;&quot;,&quot;id&quot;:&quot;&quot;,&quot;size&quot;:&quot;&quot;},&quot;jet_parallax_layout_speed&quot;:{&quot;unit&quot;:&quot;%&quot;,&quot;size&quot;:50,&quot;sizes&quot;:[]},&quot;jet_parallax_layout_type&quot;:&quot;scroll&quot;,&quot;jet_parallax_layout_direction&quot;:null,&quot;jet_parallax_layout_fx_direction&quot;:null,&quot;jet_parallax_layout_z_index&quot;:&quot;&quot;,&quot;jet_parallax_layout_bg_x&quot;:50,&quot;jet_parallax_layout_bg_y&quot;:50,&quot;jet_parallax_layout_bg_size&quot;:&quot;auto&quot;,&quot;jet_parallax_layout_animation_prop&quot;:&quot;transform&quot;,&quot;jet_parallax_layout_on&quot;:[&quot;desktop&quot;,&quot;tablet&quot;],&quot;jet_parallax_layout_bg_x_tablet&quot;:&quot;&quot;,&quot;jet_parallax_layout_bg_x_mobile&quot;:&quot;&quot;,&quot;jet_parallax_layout_bg_y_tablet&quot;:&quot;&quot;,&quot;jet_parallax_layout_bg_y_mobile&quot;:&quot;&quot;,&quot;jet_parallax_layout_bg_size_tablet&quot;:&quot;&quot;,&quot;jet_parallax_layout_bg_size_mobile&quot;:&quot;&quot;}]}\">\n\t\t\t\t\t\t<div class=\"elementor-container elementor-column-gap-no\">\n\t\t\t\t\t<div class=\"elementor-column elementor-col-100 elementor-inner-column elementor-element elementor-element-f7a7b5e\" data-id=\"f7a7b5e\" data-element_type=\"column\">\n\t\t\t<div class=\"elementor-widget-wrap elementor-element-populated\">\n\t\t\t\t\t\t<div class=\"elementor-element elementor-element-5facbb9 elementor-widget elementor-widget-heading\" data-id=\"5facbb9\" data-element_type=\"widget\" data-widget_type=\"heading.default\">\n\t\t\t\t<div class=\"elementor-widget-container\">\n\t\t\t<h2 class=\"elementor-heading-title elementor-size-medium\">Racontez-nous votre partenariat avec la famille Doucet<\/h2>\t\t<\/div>\n\t\t\t\t<\/div>\n\t\t\t\t<div class=\"elementor-element elementor-element-3355be8 elementor-widget elementor-widget-text-editor\" data-id=\"3355be8\" data-element_type=\"widget\" data-widget_type=\"text-editor.default\">\n\t\t\t\t<div class=\"elementor-widget-container\">\n\t\t\t\t\t\t\tNous travaillons avec la famille Doucet depuis de nombreuses ann\u00e9es. Elle a toujours privil\u00e9gi\u00e9 un approvisionnement de proximit\u00e9 et de qualit\u00e9. Nous portons la m\u00eame ambition : valoriser les produits issus de notre terroir en leur offrant de nouveaux d\u00e9bouch\u00e9s tout en maintenant la valeur ajout\u00e9e sur le territoire r\u00e9gional. Enfin nous partageons les m\u00eames valeurs, \u00e0 savoir : qualit\u00e9, authenticit\u00e9, proximit\u00e9, int\u00e9grit\u00e9, respect et durabilit\u00e9.\t\t\t\t\t\t<\/div>\n\t\t\t\t<\/div>\n\t\t\t\t<div class=\"elementor-element elementor-element-1ee7a44 elementor-widget elementor-widget-text-editor\" data-id=\"1ee7a44\" data-element_type=\"widget\" data-widget_type=\"text-editor.default\">\n\t\t\t\t<div class=\"elementor-widget-container\">\n\t\t\t\t\t\t\t<p><em>Verger de pommiers Golden des Hautes Alpes<\/em><\/p>\t\t\t\t\t\t<\/div>\n\t\t\t\t<\/div>\n\t\t\t\t\t<\/div>\n\t\t<\/div>\n\t\t\t\t\t<\/div>\n\t\t<\/section>\n\t\t\t\t\t<\/div>\n\t\t<\/div>\n\t\t\t\t\t<\/div>\n\t\t<\/section>\n\t\t\t\t<section class=\"elementor-section elementor-top-section elementor-element elementor-element-b4cb965 elementor-section-boxed elementor-section-height-default elementor-section-height-default\" data-id=\"b4cb965\" data-element_type=\"section\" data-settings=\"{&quot;jet_parallax_layout_list&quot;:[{&quot;jet_parallax_layout_image&quot;:{&quot;url&quot;:&quot;&quot;,&quot;id&quot;:&quot;&quot;,&quot;size&quot;:&quot;&quot;},&quot;_id&quot;:&quot;c35fa75&quot;,&quot;jet_parallax_layout_image_tablet&quot;:{&quot;url&quot;:&quot;&quot;,&quot;id&quot;:&quot;&quot;,&quot;size&quot;:&quot;&quot;},&quot;jet_parallax_layout_image_mobile&quot;:{&quot;url&quot;:&quot;&quot;,&quot;id&quot;:&quot;&quot;,&quot;size&quot;:&quot;&quot;},&quot;jet_parallax_layout_speed&quot;:{&quot;unit&quot;:&quot;%&quot;,&quot;size&quot;:50,&quot;sizes&quot;:[]},&quot;jet_parallax_layout_type&quot;:&quot;scroll&quot;,&quot;jet_parallax_layout_direction&quot;:null,&quot;jet_parallax_layout_fx_direction&quot;:null,&quot;jet_parallax_layout_z_index&quot;:&quot;&quot;,&quot;jet_parallax_layout_bg_x&quot;:50,&quot;jet_parallax_layout_bg_y&quot;:50,&quot;jet_parallax_layout_bg_size&quot;:&quot;auto&quot;,&quot;jet_parallax_layout_animation_prop&quot;:&quot;transform&quot;,&quot;jet_parallax_layout_on&quot;:[&quot;desktop&quot;,&quot;tablet&quot;],&quot;jet_parallax_layout_bg_x_tablet&quot;:&quot;&quot;,&quot;jet_parallax_layout_bg_x_mobile&quot;:&quot;&quot;,&quot;jet_parallax_layout_bg_y_tablet&quot;:&quot;&quot;,&quot;jet_parallax_layout_bg_y_mobile&quot;:&quot;&quot;,&quot;jet_parallax_layout_bg_size_tablet&quot;:&quot;&quot;,&quot;jet_parallax_layout_bg_size_mobile&quot;:&quot;&quot;}],&quot;background_background&quot;:&quot;classic&quot;,&quot;background_motion_fx_motion_fx_scrolling&quot;:&quot;yes&quot;,&quot;background_motion_fx_translateY_effect&quot;:&quot;yes&quot;,&quot;background_motion_fx_translateY_direction&quot;:&quot;negative&quot;,&quot;background_motion_fx_translateY_speed&quot;:{&quot;unit&quot;:&quot;px&quot;,&quot;size&quot;:4,&quot;sizes&quot;:[]},&quot;background_motion_fx_translateY_affectedRange&quot;:{&quot;unit&quot;:&quot;%&quot;,&quot;size&quot;:&quot;&quot;,&quot;sizes&quot;:{&quot;start&quot;:0,&quot;end&quot;:100}},&quot;background_motion_fx_devices&quot;:[&quot;desktop&quot;,&quot;tablet&quot;,&quot;mobile&quot;]}\">\n\t\t\t\t\t\t<div class=\"elementor-container elementor-column-gap-default\">\n\t\t\t\t\t<div class=\"elementor-column elementor-col-100 elementor-top-column elementor-element elementor-element-14074d53\" data-id=\"14074d53\" data-element_type=\"column\" data-settings=\"{&quot;background_background&quot;:&quot;classic&quot;}\">\n\t\t\t<div class=\"elementor-widget-wrap elementor-element-populated\">\n\t\t\t\t\t\t<div class=\"elementor-element elementor-element-d21bc52 elementor-widget elementor-widget-heading\" data-id=\"d21bc52\" data-element_type=\"widget\" data-widget_type=\"heading.default\">\n\t\t\t\t<div class=\"elementor-widget-container\">\n\t\t\t<h2 class=\"elementor-heading-title elementor-size-default\">Quelles vari\u00e9t\u00e9s de fruits sont privil\u00e9gi\u00e9es par Fran\u00e7ois Doucet Confiseur ?<\/h2>\t\t<\/div>\n\t\t\t\t<\/div>\n\t\t\t\t<div class=\"elementor-element elementor-element-2c506568 elementor-widget elementor-widget-text-editor\" data-id=\"2c506568\" data-element_type=\"widget\" data-widget_type=\"text-editor.default\">\n\t\t\t\t<div class=\"elementor-widget-container\">\n\t\t\t\t\t\t\t<p>Essentiellement la pomme Golden et la poire Williams des Hautes-Alpes.<br \/>Tous nos fruits sont cultiv\u00e9s dans le respect de ceux qui les produisent et les r\u00e9coltent, toujours \u00e0 la main. Les arboriculteurs s\u2019engagent \u00e0 mettre en place des m\u00e9thodes de production respectueuses de l\u2019environnement et de la biodiversit\u00e9 dans les vergers. Notre objectif est d\u2019offrir des pommes et des poires fran\u00e7aises de qualit\u00e9, saines et riches en go\u00fbt.<\/p><p>Nos fruits sont s\u00e9lectionn\u00e9s et r\u00e9colt\u00e9s \u00e0 maturit\u00e9 pour une richesse de go\u00fbt absolue. Les ar\u00f4mes savoureux et la finesse des confiseries Doucet d\u00e9pendent aussi grandement de la qualit\u00e9 de nos fruits.<\/p><p>Le croquant, la saveur exceptionnelle et la jutosit\u00e9 de nos pommes Golden proviennent de notre exceptionnelle situation g\u00e9ographique entre 500 et 1 000 m\u00e8tres d\u2019altitude dont la Durance, m\u00e8re nourrici\u00e8re de ses terres arides, a fa\u00e7onn\u00e9 au fil du temps les magnifiques paysages escarp\u00e9s si chers \u00e0 Jean Giono.<\/p><p>Nos fruits subissent de fortes amplitudes thermiques : le soleil bleu d\u2019une puret\u00e9 admirable brille presque tous les jours (en moyenne 300 jours par an) et les nuits sont tr\u00e8s fra\u00eeches. Les \u00e9carts de temp\u00e9rature entre la nuit et le jour combin\u00e9s aux premiers rayons de soleil donnent \u00e0 la ros\u00e9e ce pouvoir de rosissement \u00e0 la pomme. Nos poires Williams sont parfum\u00e9es et fondantes, leur chair blanche est fine et juteuse et leur parfum l\u00e9g\u00e8rement musqu\u00e9.<\/p>\t\t\t\t\t\t<\/div>\n\t\t\t\t<\/div>\n\t\t\t\t<div class=\"elementor-element elementor-element-7eec41af elementor-widget elementor-widget-text-editor\" data-id=\"7eec41af\" data-element_type=\"widget\" data-widget_type=\"text-editor.default\">\n\t\t\t\t<div class=\"elementor-widget-container\">\n\t\t\t\t\t\t\t<p><em>Poirier Williams des Hautes-Alpes<\/em><\/p>\t\t\t\t\t\t<\/div>\n\t\t\t\t<\/div>\n\t\t\t\t\t<\/div>\n\t\t<\/div>\n\t\t\t\t\t<\/div>\n\t\t<\/section>\n\t\t\t\t<section class=\"elementor-section elementor-top-section elementor-element elementor-element-0996890 elementor-section-boxed elementor-section-height-default elementor-section-height-default\" data-id=\"0996890\" data-element_type=\"section\" data-settings=\"{&quot;jet_parallax_layout_list&quot;:[{&quot;jet_parallax_layout_image&quot;:{&quot;url&quot;:&quot;&quot;,&quot;id&quot;:&quot;&quot;,&quot;size&quot;:&quot;&quot;},&quot;_id&quot;:&quot;a70901f&quot;,&quot;jet_parallax_layout_image_tablet&quot;:{&quot;url&quot;:&quot;&quot;,&quot;id&quot;:&quot;&quot;,&quot;size&quot;:&quot;&quot;},&quot;jet_parallax_layout_image_mobile&quot;:{&quot;url&quot;:&quot;&quot;,&quot;id&quot;:&quot;&quot;,&quot;size&quot;:&quot;&quot;},&quot;jet_parallax_layout_speed&quot;:{&quot;unit&quot;:&quot;%&quot;,&quot;size&quot;:50,&quot;sizes&quot;:[]},&quot;jet_parallax_layout_type&quot;:&quot;scroll&quot;,&quot;jet_parallax_layout_direction&quot;:null,&quot;jet_parallax_layout_fx_direction&quot;:null,&quot;jet_parallax_layout_z_index&quot;:&quot;&quot;,&quot;jet_parallax_layout_bg_x&quot;:50,&quot;jet_parallax_layout_bg_y&quot;:50,&quot;jet_parallax_layout_bg_size&quot;:&quot;auto&quot;,&quot;jet_parallax_layout_animation_prop&quot;:&quot;transform&quot;,&quot;jet_parallax_layout_on&quot;:[&quot;desktop&quot;,&quot;tablet&quot;],&quot;jet_parallax_layout_bg_x_tablet&quot;:&quot;&quot;,&quot;jet_parallax_layout_bg_x_mobile&quot;:&quot;&quot;,&quot;jet_parallax_layout_bg_y_tablet&quot;:&quot;&quot;,&quot;jet_parallax_layout_bg_y_mobile&quot;:&quot;&quot;,&quot;jet_parallax_layout_bg_size_tablet&quot;:&quot;&quot;,&quot;jet_parallax_layout_bg_size_mobile&quot;:&quot;&quot;}]}\">\n\t\t\t\t\t\t<div class=\"elementor-container elementor-column-gap-default\">\n\t\t\t\t\t<div class=\"elementor-column elementor-col-100 elementor-top-column elementor-element elementor-element-d02e9d2\" data-id=\"d02e9d2\" data-element_type=\"column\">\n\t\t\t<div class=\"elementor-widget-wrap elementor-element-populated\">\n\t\t\t\t\t\t<div class=\"elementor-element elementor-element-2e0e6b8 elementor-blockquote--skin-clean elementor-blockquote--align-center elementor-blockquote--button-color-official elementor-widget elementor-widget-blockquote\" data-id=\"2e0e6b8\" data-element_type=\"widget\" data-widget_type=\"blockquote.default\">\n\t\t\t\t<div class=\"elementor-widget-container\">\n\t\t\t\t\t<blockquote class=\"elementor-blockquote\">\n\t\t\t<p class=\"elementor-blockquote__content\">\n\t\t\t\t\u00ab Ce matin, c\u2019est le grand gel et le silence. C\u2019est le silence, mais le vent n\u2019est pas bien mort ; il ondule encore un peu ; il bat encore un peu de la queue contre le ciel dur. Il n\u2019y a pas encore de soleil. Le ciel est vide ; le ciel est tout gel\u00e9 comme un linge \u00e9tendu. \u00bb<br>\u00ab Le vent \u00e9parpille de la ros\u00e9e comme un poulain qui se vautre. Il fait jaillir des vols de moineaux qui nagent un moment entre les vagues du ciel, ivres, \u00e9tourdis de cris, puis s\u2019abattent comme des poign\u00e9es de pierres. \u00bb\t\t\t<\/p>\n\t\t\t\t\t\t\t<div class=\"e-q-footer\">\n\t\t\t\t\t\t\t\t\t\t\t<cite class=\"elementor-blockquote__author\">Regain, Jean GIONO<\/cite>\n\t\t\t\t\t\t\t\t\t\t\t\t\t\t<\/div>\n\t\t\t\t\t<\/blockquote>\n\t\t\t\t<\/div>\n\t\t\t\t<\/div>\n\t\t\t\t\t<\/div>\n\t\t<\/div>\n\t\t\t\t\t<\/div>\n\t\t<\/section>\n\t\t\t\t<section class=\"elementor-section elementor-top-section elementor-element elementor-element-026dbe8 elementor-section-boxed elementor-section-height-default elementor-section-height-default\" data-id=\"026dbe8\" data-element_type=\"section\" data-settings=\"{&quot;jet_parallax_layout_list&quot;:[{&quot;jet_parallax_layout_image&quot;:{&quot;url&quot;:&quot;&quot;,&quot;id&quot;:&quot;&quot;,&quot;size&quot;:&quot;&quot;},&quot;_id&quot;:&quot;a70901f&quot;,&quot;jet_parallax_layout_image_tablet&quot;:{&quot;url&quot;:&quot;&quot;,&quot;id&quot;:&quot;&quot;,&quot;size&quot;:&quot;&quot;},&quot;jet_parallax_layout_image_mobile&quot;:{&quot;url&quot;:&quot;&quot;,&quot;id&quot;:&quot;&quot;,&quot;size&quot;:&quot;&quot;},&quot;jet_parallax_layout_speed&quot;:{&quot;unit&quot;:&quot;%&quot;,&quot;size&quot;:50,&quot;sizes&quot;:[]},&quot;jet_parallax_layout_type&quot;:&quot;scroll&quot;,&quot;jet_parallax_layout_direction&quot;:null,&quot;jet_parallax_layout_fx_direction&quot;:null,&quot;jet_parallax_layout_z_index&quot;:&quot;&quot;,&quot;jet_parallax_layout_bg_x&quot;:50,&quot;jet_parallax_layout_bg_y&quot;:50,&quot;jet_parallax_layout_bg_size&quot;:&quot;auto&quot;,&quot;jet_parallax_layout_animation_prop&quot;:&quot;transform&quot;,&quot;jet_parallax_layout_on&quot;:[&quot;desktop&quot;,&quot;tablet&quot;],&quot;jet_parallax_layout_bg_x_tablet&quot;:&quot;&quot;,&quot;jet_parallax_layout_bg_x_mobile&quot;:&quot;&quot;,&quot;jet_parallax_layout_bg_y_tablet&quot;:&quot;&quot;,&quot;jet_parallax_layout_bg_y_mobile&quot;:&quot;&quot;,&quot;jet_parallax_layout_bg_size_tablet&quot;:&quot;&quot;,&quot;jet_parallax_layout_bg_size_mobile&quot;:&quot;&quot;}]}\">\n\t\t\t\t\t\t<div class=\"elementor-container elementor-column-gap-default\">\n\t\t\t\t\t<div class=\"elementor-column elementor-col-100 elementor-top-column elementor-element elementor-element-b10a579\" data-id=\"b10a579\" data-element_type=\"column\">\n\t\t\t<div class=\"elementor-widget-wrap elementor-element-populated\">\n\t\t\t\t\t\t<div class=\"elementor-element elementor-element-55872e0 elementor-widget elementor-widget-heading\" data-id=\"55872e0\" data-element_type=\"widget\" data-widget_type=\"heading.default\">\n\t\t\t\t<div class=\"elementor-widget-container\">\n\t\t\t<h2 class=\"elementor-heading-title elementor-size-medium\">Comment pr\u00e9servez-vous la qualit\u00e9 de vos pommes une fois r\u00e9colt\u00e9es ?<\/h2>\t\t<\/div>\n\t\t\t\t<\/div>\n\t\t\t\t<div class=\"elementor-element elementor-element-f5f9de1 elementor-widget elementor-widget-text-editor\" data-id=\"f5f9de1\" data-element_type=\"widget\" data-widget_type=\"text-editor.default\">\n\t\t\t\t<div class=\"elementor-widget-container\">\n\t\t\t\t\t\t\tUne fois les fruits r\u00e9colt\u00e9s \u00e0 la main et dispos\u00e9s dans des palox, il est imp\u00e9ratif de pr\u00e9server leurs qualit\u00e9s gustatives, visuelles et sanitaires. Les fruits, comme tout produit vivant, respirent et \u00e9voluent assez rapidement si des conditions de conservation optimales ne sont pas adopt\u00e9es. Gr\u00e2ce \u00e0 notre station fruiti\u00e8re inaugur\u00e9e en 2015, nous pouvons stocker, calibrer et distribuer les quelques 20 000 tonnes de pommes et de poires de nos producteurs. Le stockage longue dur\u00e9e des fruits se fait en chambre froide avec une gestion optimale de la temp\u00e9rature. A la pointe des derni\u00e8res technologies en mati\u00e8re de calibrage et d\u2019emballage notamment, le nouveau centre de conditionnement, dans lequel nous avons investi un peu plus de 6,5 millions d\u2019euros permet de gagner en s\u00e9curit\u00e9 et en rendement. Ainsi nous garantissons \u00e0 nos clients les meilleurs fruits de nos vergers dans des conditions optimales.\t\t\t\t\t\t<\/div>\n\t\t\t\t<\/div>\n\t\t\t\t<div class=\"elementor-element elementor-element-a3df003 elementor-widget elementor-widget-spacer\" data-id=\"a3df003\" data-element_type=\"widget\" data-widget_type=\"spacer.default\">\n\t\t\t\t<div class=\"elementor-widget-container\">\n\t\t\t\t\t<div class=\"elementor-spacer\">\n\t\t\t<div class=\"elementor-spacer-inner\"><\/div>\n\t\t<\/div>\n\t\t\t\t<\/div>\n\t\t\t\t<\/div>\n\t\t\t\t<div class=\"elementor-element elementor-element-8c17b1b elementor-widget elementor-widget-text-editor\" data-id=\"8c17b1b\" data-element_type=\"widget\" data-widget_type=\"text-editor.default\">\n\t\t\t\t<div class=\"elementor-widget-container\">\n\t\t\t\t\t\t\t<p>\u2bc5 <em>Station fruiti\u00e8re Superalp : zone de calibrage des pommes Golden des Hautes Alpes<\/em><\/p>\t\t\t\t\t\t<\/div>\n\t\t\t\t<\/div>\n\t\t\t\t<section class=\"elementor-section elementor-inner-section elementor-element elementor-element-cf8877c elementor-section-boxed elementor-section-height-default elementor-section-height-default\" data-id=\"cf8877c\" data-element_type=\"section\" data-settings=\"{&quot;jet_parallax_layout_list&quot;:[{&quot;jet_parallax_layout_image&quot;:{&quot;url&quot;:&quot;&quot;,&quot;id&quot;:&quot;&quot;,&quot;size&quot;:&quot;&quot;},&quot;_id&quot;:&quot;0ca2483&quot;,&quot;jet_parallax_layout_image_tablet&quot;:{&quot;url&quot;:&quot;&quot;,&quot;id&quot;:&quot;&quot;,&quot;size&quot;:&quot;&quot;},&quot;jet_parallax_layout_image_mobile&quot;:{&quot;url&quot;:&quot;&quot;,&quot;id&quot;:&quot;&quot;,&quot;size&quot;:&quot;&quot;},&quot;jet_parallax_layout_speed&quot;:{&quot;unit&quot;:&quot;%&quot;,&quot;size&quot;:50,&quot;sizes&quot;:[]},&quot;jet_parallax_layout_type&quot;:&quot;scroll&quot;,&quot;jet_parallax_layout_direction&quot;:null,&quot;jet_parallax_layout_fx_direction&quot;:null,&quot;jet_parallax_layout_z_index&quot;:&quot;&quot;,&quot;jet_parallax_layout_bg_x&quot;:50,&quot;jet_parallax_layout_bg_y&quot;:50,&quot;jet_parallax_layout_bg_size&quot;:&quot;auto&quot;,&quot;jet_parallax_layout_animation_prop&quot;:&quot;transform&quot;,&quot;jet_parallax_layout_on&quot;:[&quot;desktop&quot;,&quot;tablet&quot;],&quot;jet_parallax_layout_bg_x_tablet&quot;:&quot;&quot;,&quot;jet_parallax_layout_bg_x_mobile&quot;:&quot;&quot;,&quot;jet_parallax_layout_bg_y_tablet&quot;:&quot;&quot;,&quot;jet_parallax_layout_bg_y_mobile&quot;:&quot;&quot;,&quot;jet_parallax_layout_bg_size_tablet&quot;:&quot;&quot;,&quot;jet_parallax_layout_bg_size_mobile&quot;:&quot;&quot;}]}\">\n\t\t\t\t\t\t<div class=\"elementor-container elementor-column-gap-default\">\n\t\t\t\t\t<div class=\"elementor-column elementor-col-50 elementor-inner-column elementor-element elementor-element-a3ada95\" data-id=\"a3ada95\" data-element_type=\"column\">\n\t\t\t<div class=\"elementor-widget-wrap elementor-element-populated\">\n\t\t\t\t\t\t<div class=\"elementor-element elementor-element-42b98fd elementor-widget elementor-widget-image\" data-id=\"42b98fd\" data-element_type=\"widget\" data-widget_type=\"image.default\">\n\t\t\t\t<div class=\"elementor-widget-container\">\n\t\t\t\t\t\t\t\t\t\t\t\t\t\t<a href=\"http:\/\/www.superalp.fr\/\">\n\t\t\t\t\t\t\t<img fetchpriority=\"high\" decoding=\"async\" width=\"600\" height=\"128\" src=\"https:\/\/www.francois-doucet-confiseur.com\/wp-content\/uploads\/2020\/03\/Logo-Superalp.png\" class=\"attachment-large size-large wp-image-1270\" alt=\"\" srcset=\"https:\/\/www.francois-doucet-confiseur.com\/wp-content\/uploads\/2020\/03\/Logo-Superalp.png 600w, https:\/\/www.francois-doucet-confiseur.com\/wp-content\/uploads\/2020\/03\/Logo-Superalp-300x64.png 300w\" sizes=\"(max-width: 600px) 100vw, 600px\" \/>\t\t\t\t\t\t\t\t<\/a>\n\t\t\t\t\t\t\t\t\t\t\t\t\t<\/div>\n\t\t\t\t<\/div>\n\t\t\t\t<div class=\"elementor-element elementor-element-67195b5 elementor-widget elementor-widget-text-editor\" data-id=\"67195b5\" data-element_type=\"widget\" data-widget_type=\"text-editor.default\">\n\t\t\t\t<div class=\"elementor-widget-container\">\n\t\t\t\t\t\t\t<p><a href=\"http:\/\/www.superalp.fr\/\">En savoir plus sur notre partenaire<\/a><\/p>\t\t\t\t\t\t<\/div>\n\t\t\t\t<\/div>\n\t\t\t\t\t<\/div>\n\t\t<\/div>\n\t\t\t\t<div class=\"elementor-column elementor-col-50 elementor-inner-column elementor-element elementor-element-b7ebbfa\" data-id=\"b7ebbfa\" data-element_type=\"column\">\n\t\t\t<div class=\"elementor-widget-wrap elementor-element-populated\">\n\t\t\t\t\t\t<div class=\"elementor-element elementor-element-260171f elementor-widget elementor-widget-heading\" data-id=\"260171f\" data-element_type=\"widget\" data-widget_type=\"heading.default\">\n\t\t\t\t<div class=\"elementor-widget-container\">\n\t\t\t<h2 class=\"elementor-heading-title elementor-size-medium\">Au del\u00e0 de ces aspects logistiques, comment parvenez-vous \u00e0 p\u00e9renniser l\u2019activit\u00e9 des arboriculteurs dans votre r\u00e9gion ?<\/h2>\t\t<\/div>\n\t\t\t\t<\/div>\n\t\t\t\t<div class=\"elementor-element elementor-element-74417e8 elementor-widget elementor-widget-text-editor\" data-id=\"74417e8\" data-element_type=\"widget\" data-widget_type=\"text-editor.default\">\n\t\t\t\t<div class=\"elementor-widget-container\">\n\t\t\t\t\t\t\tNotre m\u00e9tier est d\u2019accompagner les jeunes agriculteurs \u00e0 s\u2019installer, de leurs fournir une assistance technique et d\u2019orienter les productions de demain en anticipant les \u00e9volutions du march\u00e9 et les nouveaux usages des consommateurs. C\u2019est l\u2019expression d\u2019une solidarit\u00e9 \u00e9conomique et sociale interg\u00e9n\u00e9rationnelle qui est dans l\u2019ADN de notre coop\u00e9rative.\t\t\t\t\t\t<\/div>\n\t\t\t\t<\/div>\n\t\t\t\t\t<\/div>\n\t\t<\/div>\n\t\t\t\t\t<\/div>\n\t\t<\/section>\n\t\t\t\t\t<\/div>\n\t\t<\/div>\n\t\t\t\t\t<\/div>\n\t\t<\/section>\n\t\t\t\t<\/div>","protected":false},"excerpt":{"rendered":"<p>Situ\u00e9e \u00e0 Sisteron dans la vall\u00e9e de la Durance, \u00e0 proximit\u00e9 du barrage de Serre-Pon\u00e7on et de la Vall\u00e9e du Bu\u00ebch, Superalp est une coop\u00e9rative qui rassemble une trentaine de pomiculteurs engag\u00e9s cultivant des pommes et des poires \u00e0 l\u2019excellence reconnue. La coop\u00e9rative valorise la qualit\u00e9 et la richesse des produits issus de son terroir en mettant en avant le travail des producteurs adh\u00e9rents.<\/p>","protected":false},"author":1,"featured_media":257,"comment_status":"open","ping_status":"open","sticky":false,"template":"elementor_header_footer","format":"standard","meta":{"footnotes":""},"categories":[7],"tags":[],"acf":[],"yoast_head":"<!-- This site is optimized with the Yoast SEO plugin v20.3 - https:\/\/yoast.com\/wordpress\/plugins\/seo\/ -->\n<title>En coulisse : Superalp, zoom sur une coop\u00e9rative engag\u00e9e et motiv\u00e9e - Fran\u00e7ois Doucet Confiseur - Confiseur en Provence depuis 1969<\/title>\n<meta name=\"robots\" content=\"index, follow, max-snippet:-1, max-image-preview:large, max-video-preview:-1\" \/>\n<link rel=\"canonical\" href=\"https:\/\/www.francois-doucet-confiseur.com\/en\/facettes\/en-coulisse-superalp-zoom-sur-une-cooperative-engagee-et-motivee\/\" \/>\n<meta property=\"og:locale\" content=\"en_GB\" \/>\n<meta property=\"og:type\" content=\"article\" \/>\n<meta property=\"og:title\" content=\"En coulisse : Superalp, zoom sur une coop\u00e9rative engag\u00e9e et motiv\u00e9e - Fran\u00e7ois Doucet Confiseur - Confiseur en Provence depuis 1969\" \/>\n<meta property=\"og:description\" content=\"Situ\u00e9e \u00e0 Sisteron dans la vall\u00e9e de la Durance, \u00e0 proximit\u00e9 du barrage de Serre-Pon\u00e7on et de la Vall\u00e9e du Bu\u00ebch, Superalp est une coop\u00e9rative qui rassemble une trentaine de pomiculteurs engag\u00e9s cultivant des pommes et des poires \u00e0 l\u2019excellence reconnue. La coop\u00e9rative valorise la qualit\u00e9 et la richesse des produits issus de son terroir en mettant en avant le travail des producteurs adh\u00e9rents.\" \/>\n<meta property=\"og:url\" content=\"https:\/\/www.francois-doucet-confiseur.com\/en\/facettes\/en-coulisse-superalp-zoom-sur-une-cooperative-engagee-et-motivee\/\" \/>\n<meta property=\"og:site_name\" content=\"Fran\u00e7ois Doucet Confiseur - Confiseur en Provence depuis 1969\" \/>\n<meta property=\"article:published_time\" content=\"2020-03-09T16:09:21+00:00\" \/>\n<meta property=\"article:modified_time\" content=\"2020-03-13T12:07:55+00:00\" \/>\n<meta property=\"og:image\" content=\"https:\/\/www.francois-doucet-confiseur.com\/wp-content\/uploads\/2020\/03\/facette_04.jpg\" \/>\n\t<meta property=\"og:image:width\" content=\"600\" \/>\n\t<meta property=\"og:image:height\" content=\"319\" \/>\n\t<meta property=\"og:image:type\" content=\"image\/jpeg\" \/>\n<meta name=\"author\" content=\"gail26\" \/>\n<meta name=\"twitter:card\" content=\"summary_large_image\" \/>\n<meta name=\"twitter:label1\" content=\"Written by\" \/>\n\t<meta name=\"twitter:data1\" content=\"gail26\" \/>\n\t<meta name=\"twitter:label2\" content=\"Estimated reading time\" \/>\n\t<meta name=\"twitter:data2\" content=\"4 minutes\" \/>\n<script type=\"application\/ld+json\" class=\"yoast-schema-graph\">{\"@context\":\"https:\/\/schema.org\",\"@graph\":[{\"@type\":\"WebPage\",\"@id\":\"https:\/\/www.francois-doucet-confiseur.com\/facettes\/en-coulisse-superalp-zoom-sur-une-cooperative-engagee-et-motivee\/\",\"url\":\"https:\/\/www.francois-doucet-confiseur.com\/facettes\/en-coulisse-superalp-zoom-sur-une-cooperative-engagee-et-motivee\/\",\"name\":\"En coulisse : Superalp, zoom sur une coop\u00e9rative engag\u00e9e et motiv\u00e9e - Fran\u00e7ois Doucet Confiseur - Confiseur en Provence depuis 1969\",\"isPartOf\":{\"@id\":\"https:\/\/www.francois-doucet-confiseur.com\/#website\"},\"datePublished\":\"2020-03-09T16:09:21+00:00\",\"dateModified\":\"2020-03-13T12:07:55+00:00\",\"author\":{\"@id\":\"https:\/\/www.francois-doucet-confiseur.com\/#\/schema\/person\/b0bc471c1a9a198080acd4b90391fa9e\"},\"breadcrumb\":{\"@id\":\"https:\/\/www.francois-doucet-confiseur.com\/facettes\/en-coulisse-superalp-zoom-sur-une-cooperative-engagee-et-motivee\/#breadcrumb\"},\"inLanguage\":\"en-GB\",\"potentialAction\":[{\"@type\":\"ReadAction\",\"target\":[\"https:\/\/www.francois-doucet-confiseur.com\/facettes\/en-coulisse-superalp-zoom-sur-une-cooperative-engagee-et-motivee\/\"]}]},{\"@type\":\"BreadcrumbList\",\"@id\":\"https:\/\/www.francois-doucet-confiseur.com\/facettes\/en-coulisse-superalp-zoom-sur-une-cooperative-engagee-et-motivee\/#breadcrumb\",\"itemListElement\":[{\"@type\":\"ListItem\",\"position\":1,\"name\":\"Accueil\",\"item\":\"https:\/\/www.francois-doucet-confiseur.com\/\"},{\"@type\":\"ListItem\",\"position\":2,\"name\":\"En coulisse : Superalp, zoom sur une coop\u00e9rative engag\u00e9e et motiv\u00e9e\"}]},{\"@type\":\"WebSite\",\"@id\":\"https:\/\/www.francois-doucet-confiseur.com\/#website\",\"url\":\"https:\/\/www.francois-doucet-confiseur.com\/\",\"name\":\"Fran\u00e7ois Doucet Confiseur - Confiseur en Provence depuis 1969\",\"description\":\"Confiserie en Provence depuis 1969. Vente en ligne de pralines aux amandes, chocolats, p\u00e2tes de fruits.\",\"potentialAction\":[{\"@type\":\"SearchAction\",\"target\":{\"@type\":\"EntryPoint\",\"urlTemplate\":\"https:\/\/www.francois-doucet-confiseur.com\/?s={search_term_string}\"},\"query-input\":\"required name=search_term_string\"}],\"inLanguage\":\"en-GB\"},{\"@type\":\"Person\",\"@id\":\"https:\/\/www.francois-doucet-confiseur.com\/#\/schema\/person\/b0bc471c1a9a198080acd4b90391fa9e\",\"name\":\"gail26\"}]}<\/script>\n<!-- \/ Yoast SEO plugin. -->","yoast_head_json":{"title":"En coulisse : Superalp, zoom sur une coop\u00e9rative engag\u00e9e et motiv\u00e9e - Fran\u00e7ois Doucet Confiseur - Confiseur en Provence depuis 1969","robots":{"index":"index","follow":"follow","max-snippet":"max-snippet:-1","max-image-preview":"max-image-preview:large","max-video-preview":"max-video-preview:-1"},"canonical":"https:\/\/www.francois-doucet-confiseur.com\/en\/facettes\/en-coulisse-superalp-zoom-sur-une-cooperative-engagee-et-motivee\/","og_locale":"en_GB","og_type":"article","og_title":"En coulisse : Superalp, zoom sur une coop\u00e9rative engag\u00e9e et motiv\u00e9e - Fran\u00e7ois Doucet Confiseur - Confiseur en Provence depuis 1969","og_description":"Situ\u00e9e \u00e0 Sisteron dans la vall\u00e9e de la Durance, \u00e0 proximit\u00e9 du barrage de Serre-Pon\u00e7on et de la Vall\u00e9e du Bu\u00ebch, Superalp est une coop\u00e9rative qui rassemble une trentaine de pomiculteurs engag\u00e9s cultivant des pommes et des poires \u00e0 l\u2019excellence reconnue. La coop\u00e9rative valorise la qualit\u00e9 et la richesse des produits issus de son terroir en mettant en avant le travail des producteurs adh\u00e9rents.","og_url":"https:\/\/www.francois-doucet-confiseur.com\/en\/facettes\/en-coulisse-superalp-zoom-sur-une-cooperative-engagee-et-motivee\/","og_site_name":"Fran\u00e7ois Doucet Confiseur - Confiseur en Provence depuis 1969","article_published_time":"2020-03-09T16:09:21+00:00","article_modified_time":"2020-03-13T12:07:55+00:00","og_image":[{"width":600,"height":319,"url":"https:\/\/www.francois-doucet-confiseur.com\/wp-content\/uploads\/2020\/03\/facette_04.jpg","type":"image\/jpeg"}],"author":"gail26","twitter_card":"summary_large_image","twitter_misc":{"Written by":"gail26","Estimated reading time":"4 minutes"},"schema":{"@context":"https:\/\/schema.org","@graph":[{"@type":"WebPage","@id":"https:\/\/www.francois-doucet-confiseur.com\/facettes\/en-coulisse-superalp-zoom-sur-une-cooperative-engagee-et-motivee\/","url":"https:\/\/www.francois-doucet-confiseur.com\/facettes\/en-coulisse-superalp-zoom-sur-une-cooperative-engagee-et-motivee\/","name":"En coulisse : Superalp, zoom sur une coop\u00e9rative engag\u00e9e et motiv\u00e9e - Fran\u00e7ois Doucet Confiseur - Confiseur en Provence depuis 1969","isPartOf":{"@id":"https:\/\/www.francois-doucet-confiseur.com\/#website"},"datePublished":"2020-03-09T16:09:21+00:00","dateModified":"2020-03-13T12:07:55+00:00","author":{"@id":"https:\/\/www.francois-doucet-confiseur.com\/#\/schema\/person\/b0bc471c1a9a198080acd4b90391fa9e"},"breadcrumb":{"@id":"https:\/\/www.francois-doucet-confiseur.com\/facettes\/en-coulisse-superalp-zoom-sur-une-cooperative-engagee-et-motivee\/#breadcrumb"},"inLanguage":"en-GB","potentialAction":[{"@type":"ReadAction","target":["https:\/\/www.francois-doucet-confiseur.com\/facettes\/en-coulisse-superalp-zoom-sur-une-cooperative-engagee-et-motivee\/"]}]},{"@type":"BreadcrumbList","@id":"https:\/\/www.francois-doucet-confiseur.com\/facettes\/en-coulisse-superalp-zoom-sur-une-cooperative-engagee-et-motivee\/#breadcrumb","itemListElement":[{"@type":"ListItem","position":1,"name":"Accueil","item":"https:\/\/www.francois-doucet-confiseur.com\/"},{"@type":"ListItem","position":2,"name":"En coulisse : Superalp, zoom sur une coop\u00e9rative engag\u00e9e et motiv\u00e9e"}]},{"@type":"WebSite","@id":"https:\/\/www.francois-doucet-confiseur.com\/#website","url":"https:\/\/www.francois-doucet-confiseur.com\/","name":"Fran\u00e7ois Doucet Confiseur - Confiseur en Provence depuis 1969","description":"Confiserie en Provence depuis 1969. Vente en ligne de pralines aux amandes, chocolats, p\u00e2tes de fruits.","potentialAction":[{"@type":"SearchAction","target":{"@type":"EntryPoint","urlTemplate":"https:\/\/www.francois-doucet-confiseur.com\/?s={search_term_string}"},"query-input":"required name=search_term_string"}],"inLanguage":"en-GB"},{"@type":"Person","@id":"https:\/\/www.francois-doucet-confiseur.com\/#\/schema\/person\/b0bc471c1a9a198080acd4b90391fa9e","name":"gail26"}]}},"fimg_url":"https:\/\/www.francois-doucet-confiseur.com\/wp-content\/uploads\/2020\/03\/facette_04.jpg","_links":{"self":[{"href":"https:\/\/www.francois-doucet-confiseur.com\/en\/wp-json\/wp\/v2\/posts\/278"}],"collection":[{"href":"https:\/\/www.francois-doucet-confiseur.com\/en\/wp-json\/wp\/v2\/posts"}],"about":[{"href":"https:\/\/www.francois-doucet-confiseur.com\/en\/wp-json\/wp\/v2\/types\/post"}],"author":[{"embeddable":true,"href":"https:\/\/www.francois-doucet-confiseur.com\/en\/wp-json\/wp\/v2\/users\/1"}],"replies":[{"embeddable":true,"href":"https:\/\/www.francois-doucet-confiseur.com\/en\/wp-json\/wp\/v2\/comments?post=278"}],"version-history":[{"count":0,"href":"https:\/\/www.francois-doucet-confiseur.com\/en\/wp-json\/wp\/v2\/posts\/278\/revisions"}],"wp:featuredmedia":[{"embeddable":true,"href":"https:\/\/www.francois-doucet-confiseur.com\/en\/wp-json\/wp\/v2\/media\/257"}],"wp:attachment":[{"href":"https:\/\/www.francois-doucet-confiseur.com\/en\/wp-json\/wp\/v2\/media?parent=278"}],"wp:term":[{"taxonomy":"category","embeddable":true,"href":"https:\/\/www.francois-doucet-confiseur.com\/en\/wp-json\/wp\/v2\/categories?post=278"},{"taxonomy":"post_tag","embeddable":true,"href":"https:\/\/www.francois-doucet-confiseur.com\/en\/wp-json\/wp\/v2\/tags?post=278"}],"curies":[{"name":"wp","href":"https:\/\/api.w.org\/{rel}","templated":true}]}}